{"id":110438,"date":"2023-09-22T14:05:49","date_gmt":"2023-09-22T17:05:49","guid":{"rendered":"https:\/\/diariodoplaneta.com.br\/?p=110438"},"modified":"2023-09-22T14:05:49","modified_gmt":"2023-09-22T17:05:49","slug":"1a-turma-decide-que-convocado-para-cpmi-de-8-1-deve-ser-tratado-como-testemunha","status":"publish","type":"post","link":"https:\/\/diariodoplaneta.com.br\/?p=110438","title":{"rendered":"1\u00aa Turma decide que convocado para CPMI de 8\/1 deve ser tratado como testemunha"},"content":{"rendered":"<div class=\"wp-block-image\">\n<figure class=\"aligncenter size-full\"><img decoding=\"async\" src=\"https:\/\/diariodoplaneta.com.br\/wp-content\/uploads\/2023\/09\/image-1.png\" alt=\"\" class=\"wp-image-110439\"\/><figcaption class=\"wp-element-caption\"><em>Fonte: STF<\/em><\/figcaption><\/figure>\n<\/div>\n\n\n<p>A Primeira Turma do Supremo Tribunal Federal (STF) decidiu que Wellington Macedo de Souza, acusado de tentar explodir uma bomba nas proximidades do Aeroporto de Bras\u00edlia em 24\/12\/2022, fosse ouvido pela Comiss\u00e3o Parlamentar de Inqu\u00e9rito (CPMI) dos Atos de 8 de janeiro na condi\u00e7\u00e3o de testemunha. Pela decis\u00e3o, o investigado pode se recusar a responder, em raz\u00e3o do direito de n\u00e3o produzir provas contra si. Por sua vez, a testemunha tem que responder o que sabe dos fatos.<\/p>\n\n\n\n<p>A decis\u00e3o se deu em sess\u00e3o virtual extraordin\u00e1ria conclu\u00edda na quinta-feira (21), no julgamento do referendo em medidas liminares concedidas no Habeas Corpus (HC) 232842 e na Peti\u00e7\u00e3o (PET) 10776 que determinaram o comparecimento dele \u00e0 CPI para prestar depoimento, marcado para 21\/9.<\/p>\n\n\n\n<p>Wellington estava foragido no Paraguai, mas foi preso preventivamente por determina\u00e7\u00e3o do ministro Alexandre de Moraes no \u00faltimo dia 15\/9.<\/p>\n\n\n\n<h5 class=\"wp-block-heading\"><strong>HC 232842<\/strong><\/h5>\n\n\n\n<p>Relator do HC, o ministro Lu\u00eds Roberto Barroso ficou vencido. A maioria dos ministros da 1\u00aa. Turma acompanhou a diverg\u00eancia aberta pelo ministro Alexandre de Moraes na an\u00e1lise do habeas corpus. Ele afirmou que os fatos objeto da investiga\u00e7\u00e3o ocorrida no Congresso Nacional n\u00e3o guardam rela\u00e7\u00e3o com sua conduta apurada na PET, sendo, portanto, poss\u00edvel sua convoca\u00e7\u00e3o pela CPMI na condi\u00e7\u00e3o de testemunha.<\/p>\n\n\n\n<p>Nesse caso, pela decis\u00e3o da Turma, o acusado deve depor na condi\u00e7\u00e3o de testemunha, tendo o dever legal de manifestar-se sobre os fatos e acontecimentos relacionados ao objeto da investiga\u00e7\u00e3o, estando, entretanto, assegurado o direito ao sil\u00eancio e a garantia de n\u00e3o autoincrimina\u00e7\u00e3o, se instado a responder perguntas cujas respostas possam resultar em seu preju\u00edzo ou em sua incrimina\u00e7\u00e3o.<\/p>\n\n\n\n<p>A ministra C\u00e1rmen L\u00facia e os ministros Luiz Fux e Cristiano Zanin acompanharam a diverg\u00eancia.<\/p>\n\n\n\n<p>Relator do HC, o ministro Barroso votou pelo referendo de sua decis\u00e3o de determinar que a CPMI trate Wellington como investigado, o que iria lhe assegurar o direito de n\u00e3o assinar termo de compromisso na qualidade de testemunha, como foi estabelecido na sua convoca\u00e7\u00e3o. O relator tamb\u00e9m dispensou o acusado de responder sobre fatos que pudessem incrimin\u00e1-lo.<\/p>\n\n\n\n<h5 class=\"wp-block-heading\"><strong>PET 10776<\/strong><\/h5>\n\n\n\n<p>Ao votar para o referendo da cautelar deferida na peti\u00e7\u00e3o, o relator, ministro Alexandre de Moraes, utilizou os mesmos argumentos para autorizar que Wellington fosse conduzido \u00e0 CPI para depor na condi\u00e7\u00e3o de testemunha. Os demais ministros da 1\u00aa Turma acompanharam essa posi\u00e7\u00e3o, com a ressalva do ministro Lu\u00eds Roberto Barroso, que o depoente fosse ouvido na condi\u00e7\u00e3o de investigado, nos moldes de seu voto no HC 232842.<\/p>\n\n\n\n<p><em>Fonte: STF<\/em><\/p>\n","protected":false},"excerpt":{"rendered":"<p>A Primeira Turma do Supremo Tribunal Federal (STF) decidiu que Wellington Macedo de Souza, acusado de tentar explodir uma bomba nas proximidades do Aeroporto de Bras\u00edlia em 24\/12\/2022, fosse ouvido pela Comiss\u00e3o Parlamentar de Inqu\u00e9rito (CPMI) dos Atos de 8 de janeiro na condi\u00e7\u00e3o de testemunha. Pela decis\u00e3o, o investigado pode se recusar a responder, [&hellip;]<\/p>\n","protected":false},"author":2,"featured_media":110442,"comment_status":"open","ping_status":"open","sticky":false,"template":"","format":"standard","meta":{"footnotes":""},"categories":[15,13,25],"tags":[24],"class_list":{"0":"post-110438","1":"post","2":"type-post","3":"status-publish","4":"format-standard","5":"has-post-thumbnail","7":"category-brasil","8":"category-politica","9":"category-regional","10":"tag-manchete"},"_links":{"self":[{"href":"https:\/\/diariodoplaneta.com.br\/index.php?rest_route=\/wp\/v2\/posts\/110438","targetHints":{"allow":["GET"]}}],"collection":[{"href":"https:\/\/diariodoplaneta.com.br\/index.php?rest_route=\/wp\/v2\/posts"}],"about":[{"href":"https:\/\/diariodoplaneta.com.br\/index.php?rest_route=\/wp\/v2\/types\/post"}],"author":[{"embeddable":true,"href":"https:\/\/diariodoplaneta.com.br\/index.php?rest_route=\/wp\/v2\/users\/2"}],"replies":[{"embeddable":true,"href":"https:\/\/diariodoplaneta.com.br\/index.php?rest_route=%2Fwp%2Fv2%2Fcomments&post=110438"}],"version-history":[{"count":0,"href":"https:\/\/diariodoplaneta.com.br\/index.php?rest_route=\/wp\/v2\/posts\/110438\/revisions"}],"wp:featuredmedia":[{"embeddable":true,"href":"https:\/\/diariodoplaneta.com.br\/index.php?rest_route=\/wp\/v2\/media\/110442"}],"wp:attachment":[{"href":"https:\/\/diariodoplaneta.com.br\/index.php?rest_route=%2Fwp%2Fv2%2Fmedia&parent=110438"}],"wp:term":[{"taxonomy":"category","embeddable":true,"href":"https:\/\/diariodoplaneta.com.br\/index.php?rest_route=%2Fwp%2Fv2%2Fcategories&post=110438"},{"taxonomy":"post_tag","embeddable":true,"href":"https:\/\/diariodoplaneta.com.br\/index.php?rest_route=%2Fwp%2Fv2%2Ftags&post=110438"}],"curies":[{"name":"wp","href":"https:\/\/api.w.org\/{rel}","templated":true}]}}