{"id":107687,"date":"2023-09-04T17:34:56","date_gmt":"2023-09-04T20:34:56","guid":{"rendered":"https:\/\/atividadenews.com.br\/?p=107687"},"modified":"2023-09-04T17:34:56","modified_gmt":"2023-09-04T20:34:56","slug":"acusada-da-morte-do-filho-monique-medeiros-e-transferida-de-presidio","status":"publish","type":"post","link":"https:\/\/diariodoplaneta.com.br\/?p=107687","title":{"rendered":"Acusada da morte do filho, Monique Medeiros \u00e9 transferida de pres\u00eddio"},"content":{"rendered":"\n<p>A professora Monique Medeiros foi transferida do Instituto Penal Santo Expedito para a Penitenci\u00e1ria Talavera Bruce, no Complexo de Gericin\u00f3, em Bangu, na zona oeste do Rio. Monique \u00e9 acusada de participa\u00e7\u00e3o na morte do filho, o menino Henry Borel, de 4 anos, no dia 8 de mar\u00e7o de 2021, junto com o ent\u00e3o namorado, Jairo Souza Santos J\u00fanior, o Dr. Jairinho.<br><br>Assim como Monique, que est\u00e1 presa preliminarmente, o ex-m\u00e9dico e ex-vereador aguarda julgamento por torturas e homic\u00eddio do menino Henry Borel.<img decoding=\"async\" src=\"https:\/\/agenciabrasil.ebc.com.br\/ebc.png?id=1553099&amp;o=node\"><img decoding=\"async\" src=\"https:\/\/agenciabrasil.ebc.com.br\/ebc.gif?id=1553099&amp;o=node\"><\/p>\n\n\n\n<p>A transfer\u00eancia, na segunda-feira passada (28), atende a decis\u00e3o da ju\u00edza titular do II Tribunal do J\u00fari do Rio de Janeiro, Elizabeth Machado Louro, em resposta a um pedido da defesa de Monique, que apontou novas den\u00fancias de amea\u00e7as sofridas pela cliente na unidade prisional em que estava. \u201cEm virtude das amea\u00e7as, solicitamos provid\u00eancias \u00e0 ju\u00edza, que determinou a transfer\u00eancia dela\u201d, informou a defesa de Monique Medeiros \u00e0 <strong>Ag\u00eancia Brasil<\/strong>.<\/p>\n\n\n\n<p>Segundo a ju\u00edza, Monique teria que ser transferida para uma unidade prisional segura. \u201cDetermino a imediata transfer\u00eancia da acusada para outra unidade, recomendando seja ela acomodada em local seguro, dado seu hist\u00f3rico de rejei\u00e7\u00e3o pelas demais internas em qualquer unidade em que j\u00e1 esteve\u201d, disse Elizabeth Machado Louro.<\/p>\n\n\n\n<p>A ju\u00edza reclamou ainda da falta de resposta \u00e0s indaga\u00e7\u00f5es feitas pela&nbsp;a defesa de Monique Medeiros sobre as den\u00fancias de amea\u00e7as. \u201cAs requisi\u00e7\u00f5es anteriormente feitas \u00e0 unidade prisional no sentido de prestar informa\u00e7\u00f5es sobre as alegadas amea\u00e7as e\/ou sobre as medidas eventualmente adotadas para coibi-las foram ignoradas, n\u00e3o tendo sido encaminhada ao ju\u00edzo qualquer informa\u00e7\u00e3o a esse respeito, o que demonstra a inutilidade de novo oficiamento para ado\u00e7\u00e3o de provid\u00eancias\u201d, acrescentou.<\/p>\n\n\n\n<h2 class=\"wp-block-heading\">Seap<\/h2>\n\n\n\n<p>A Secretaria de Estado de Administra\u00e7\u00e3o Penitenci\u00e1ria (Seap) fez a transfer\u00eancia no dia em que saiu decis\u00e3o da ju\u00edza. \u201cA Seap informa que respeita e cumpre todas as decis\u00f5es judiciais e que a custodiada citada j\u00e1 foi transferida para a Penitenci\u00e1ria Talavera Bruce\u201d, diz nota divulgada naquela data pela secretaria.<\/p>\n\n\n\n<p>A Seap, no entanto, negou que tenha havido situa\u00e7\u00e3o de risco para a professora Monique Medeiros. \u201cDe acordo com a dire\u00e7\u00e3o do Instituto Penal Santo Expedito, n\u00e3o foi registrado qualquer epis\u00f3dio que pudesse vir a comprometer a integridade f\u00edsica da privada de liberdade durante sua perman\u00eancia na unidade e nenhuma das supostas amea\u00e7as chegou a ser comprovada.\u201d<\/p>\n\n\n\n<p>Esta n\u00e3o \u00e9 a primeira decis\u00e3o da ju\u00edza no caso de Monique Medeiros. Em abril do ano passado, Elizabeth Louro a soltura de Monique pelo mesmo motivo para a transfer\u00eancia de agora. Naquele momento, a magistrada substituiu a pris\u00e3o preventiva por monitoramento com uma tornozeleira eletr\u00f4nica, sem permiss\u00e3o de manter contato com nenhuma testemunha do caso. Na mesma decis\u00e3o, a ju\u00edza rejeitou o pedido da defesa de Dr. Jairinho e manteve a pris\u00e3o preventiva dele.<\/p>\n\n\n\n<p>Em junho do mesmo ano, Monique estava em pris\u00e3o domiciliar, quando uma decis\u00e3o do desembargador Joaquim Domingos de Almeida Neto, da 7\u00aa C\u00e2mara Criminal do Tribunal de Justi\u00e7a do Rio de Janeiro (TJRJ), acatou o pedido do Minist\u00e9rio P\u00fablico do Estado do Rio de Janeiro (MPRJ) e definiu a volta dela ao pres\u00eddio.<\/p>\n\n\n\n<p>Em mais uma reviravolta, nova decis\u00e3o da Justi\u00e7a liberou Monique, que deixou o Instituto Penal Santo Expedito, em Bangu em agosto do ano passado em decis\u00e3o do ministro do Superior Tribunal de Justi\u00e7a (STJ) Jo\u00e3o Ot\u00e1vio de Noronha, conforme pedido da defesa. Com o despacho, Monique teve a pris\u00e3o preventiva revogada e ganhou o direito de responder em liberdade ao processo em que \u00e9 r\u00e9 por homic\u00eddio triplamente qualificado. Pelo mesmo crime responde o ex-vereador Jairo Souza dos Santos J\u00fanior.<\/p>\n\n\n\n<p>A \u00faltima volta ao pres\u00eddio ocorreu ap\u00f3s decis\u00e3o do ministro Gilmar Mendes, do Supremo Tribunal Federal (STF), em julho deste ano, ao acatar o parecer do subprocurador da Rep\u00fablica Juliano Baiocchi, que sugeriu a derrubada da liminar do ministro Jo\u00e3o Ot\u00e1vio de Noronha, que tinha determinado a soltura de Monique. Para Baiocchi, havia riscos de a acusada atrapalhar as investiga\u00e7\u00f5es. \u201cH\u00e1 elementos de comportamento da r\u00e9 no curso da lide penal tendentes a turbar a instru\u00e7\u00e3o processual, pelo que de lei a preventiva da r\u00e9, devendo ser reformado o ac\u00f3rd\u00e3o do STJ\u201d, afirmou o subprocurador da Rep\u00fablica.<\/p>\n\n\n\n<p>O parecer de Baiocchi embasou o recurso de Leniel Borel de Almeida J\u00fanior, pai de Henry, para manter a pris\u00e3o de Monique, que \u00e9 r\u00e9 por tortura e homic\u00eddio triplamente qualificado do filho. Pelo mesmo crime responde Dr. Jairinho.<\/p>\n\n\n\n<p>Fonte: Ag\u00eancia Brasil<\/p>\n","protected":false},"excerpt":{"rendered":"<p>A professora Monique Medeiros foi transferida do Instituto Penal Santo Expedito para a Penitenci\u00e1ria Talavera Bruce, no Complexo de Gericin\u00f3, em Bangu, na zona oeste do Rio. Monique \u00e9 acusada de participa\u00e7\u00e3o na morte do filho, o menino Henry Borel, de 4 anos, no dia 8 de mar\u00e7o de 2021, junto com o ent\u00e3o namorado, [&hellip;]<\/p>\n","protected":false},"author":2,"featured_media":23832,"comment_status":"closed","ping_status":"closed","sticky":false,"template":"","format":"standard","meta":{"footnotes":""},"categories":[15],"tags":[],"class_list":{"0":"post-107687","1":"post","2":"type-post","3":"status-publish","4":"format-standard","5":"has-post-thumbnail","7":"category-brasil"},"_links":{"self":[{"href":"https:\/\/diariodoplaneta.com.br\/index.php?rest_route=\/wp\/v2\/posts\/107687","targetHints":{"allow":["GET"]}}],"collection":[{"href":"https:\/\/diariodoplaneta.com.br\/index.php?rest_route=\/wp\/v2\/posts"}],"about":[{"href":"https:\/\/diariodoplaneta.com.br\/index.php?rest_route=\/wp\/v2\/types\/post"}],"author":[{"embeddable":true,"href":"https:\/\/diariodoplaneta.com.br\/index.php?rest_route=\/wp\/v2\/users\/2"}],"replies":[{"embeddable":true,"href":"https:\/\/diariodoplaneta.com.br\/index.php?rest_route=%2Fwp%2Fv2%2Fcomments&post=107687"}],"version-history":[{"count":0,"href":"https:\/\/diariodoplaneta.com.br\/index.php?rest_route=\/wp\/v2\/posts\/107687\/revisions"}],"wp:featuredmedia":[{"embeddable":true,"href":"https:\/\/diariodoplaneta.com.br\/index.php?rest_route=\/"}],"wp:attachment":[{"href":"https:\/\/diariodoplaneta.com.br\/index.php?rest_route=%2Fwp%2Fv2%2Fmedia&parent=107687"}],"wp:term":[{"taxonomy":"category","embeddable":true,"href":"https:\/\/diariodoplaneta.com.br\/index.php?rest_route=%2Fwp%2Fv2%2Fcategories&post=107687"},{"taxonomy":"post_tag","embeddable":true,"href":"https:\/\/diariodoplaneta.com.br\/index.php?rest_route=%2Fwp%2Fv2%2Ftags&post=107687"}],"curies":[{"name":"wp","href":"https:\/\/api.w.org\/{rel}","templated":true}]}}